{"id":1056,"date":"2026-03-11T21:34:58","date_gmt":"2026-03-11T20:34:58","guid":{"rendered":"https:\/\/kubapolanowski.pl\/?p=1056"},"modified":"2026-04-05T19:27:14","modified_gmt":"2026-04-05T17:27:14","slug":"schronisko-pttk-na-hali-krupowej","status":"publish","type":"post","link":"https:\/\/kubapolanowski.pl\/index.php\/2026\/03\/11\/schronisko-pttk-na-hali-krupowej\/","title":{"rendered":"Schronisko PTTK na Hali Krupowej &#8211; rozmowa z gospodarzem"},"content":{"rendered":"\n<div style=\"height:39px\" aria-hidden=\"true\" class=\"wp-block-spacer\"><\/div>\n\n\n\n<p><strong>Eugeniusz Ogrodowicz, gospodarz Schroniska PTTK na Hali Krupowej opowiada o swojej niemal 40-letniej historii w pa\u015bmie Policy<\/strong><\/p>\n\n\n\n<div style=\"height:39px\" aria-hidden=\"true\" class=\"wp-block-spacer\"><\/div>\n\n\n\nngg_shortcode_0_placeholder\n\n\n\n<div style=\"height:39px\" aria-hidden=\"true\" class=\"wp-block-spacer\"><\/div>\n\n\n\n<p><strong>Pana rodzina zwi\u0105zana jest z g\u00f3rami od lat. Prowadzicie Schronisko PTTK na Hali Krupowej, pan i dzieci jeste\u015bcie ratownikami GOPR. G\u00f3ry macie we krwi, czy mi\u0142o\u015b\u0107 do nich zacz\u0119\u0142a si\u0119 od jakiego\u015b konkretnego wydarzenia?<\/strong><\/p>\n\n\n\n<p>Ja pochodz\u0119 z Wielkopolski, z Gniezna, ale za dzieciaka je\u017adzi\u0142em na kolonie i obozy w Sudety. To by\u0142y obozy w\u0119drowne z zak\u0142adu pracy ojca, lata 70 poprzedniego wieku, g\u0142\u0119boka komuna (\u015bmiech). Prawdziwa przygoda zacz\u0119\u0142a si\u0119 w szkole \u015bredniej. Mieli\u015bmy tak\u0105 ekip\u0119, z&nbsp; kt\u00f3r\u0105 je\u017adzili\u015bmy w Tatry.<\/p>\n\n\n\n<div style=\"height:36px\" aria-hidden=\"true\" class=\"wp-block-spacer\"><\/div>\n\n\n\n<figure class=\"wp-block-image size-large\"><img loading=\"lazy\" decoding=\"async\" width=\"1024\" height=\"683\" src=\"https:\/\/kubapolanowski.pl\/wp-content\/uploads\/2026\/03\/DSC07215-1024x683.jpg\" alt=\"Zdj\u0119cie przedstawia \u015bcian\u0119 Schroniska PTTK na Hali Krupowej, stacja G\u00f3rskiego Ochotniczego Pogotowia Ratunkowego, tabliczka PTTK i dwie tablice upami\u0119tniaj\u0105ce \u017co\u0142nierzy AK stacjonuj\u0105cych w okolicy, oraz wizyt\u0119 Jana Paw\u0142a II\" class=\"wp-image-1078\" srcset=\"https:\/\/kubapolanowski.pl\/wp-content\/uploads\/2026\/03\/DSC07215-1024x683.jpg 1024w, https:\/\/kubapolanowski.pl\/wp-content\/uploads\/2026\/03\/DSC07215-300x200.jpg 300w, https:\/\/kubapolanowski.pl\/wp-content\/uploads\/2026\/03\/DSC07215-150x100.jpg 150w, https:\/\/kubapolanowski.pl\/wp-content\/uploads\/2026\/03\/DSC07215-768x512.jpg 768w, https:\/\/kubapolanowski.pl\/wp-content\/uploads\/2026\/03\/DSC07215-1536x1024.jpg 1536w, https:\/\/kubapolanowski.pl\/wp-content\/uploads\/2026\/03\/DSC07215-850x567.jpg 850w, https:\/\/kubapolanowski.pl\/wp-content\/uploads\/2026\/03\/DSC07215.jpg 2048w\" sizes=\"auto, (max-width: 1024px) 100vw, 1024px\" \/><figcaption class=\"wp-element-caption\">\u015aciana Schroniska PTTK na Hali Krupowej, stacja G\u00f3rskiego Ochotniczego Pogotowia Ratunkowego, tabliczka PTTK i dwie tablice upami\u0119tniaj\u0105ce \u017co\u0142nierzy AK stacjonuj\u0105cych w okolicy, oraz wizyt\u0119 Jana Paw\u0142a II<\/figcaption><\/figure>\n\n\n\n<div style=\"height:36px\" aria-hidden=\"true\" class=\"wp-block-spacer\"><\/div>\n\n\n\n<h2 class=\"wp-block-heading\">Z Tatr przez Beskid Niski, S\u0105decki i Pieniny, a\u017c do Schroniska na Hali Krupowej<\/h2>\n\n\n\n<div style=\"height:36px\" aria-hidden=\"true\" class=\"wp-block-spacer\"><\/div>\n\n\n\n<p><strong>Jakie jest Pana pierwsze wspomnienie schroniska na Hali Krupowej?<\/strong><\/p>\n\n\n\n<p>By\u0142em w nim zaledwie dwa czy trzy razy zanim zosta\u0142em gospodarzem, nie my\u015bla\u0142em wtedy, \u017ce b\u0119d\u0119 kiedy\u015b b\u0119d\u0119 tu urz\u0119dowa\u0142. Wszystko zacz\u0119\u0142o si\u0119 w Tatrach, na Ornaku [Schronisko PTTK na Hali Ornak &#8211; red.], gdzie trzy lata pracowa\u0142em na recepcji i w bufecie. Tam pozna\u0142em \u017con\u0119, p\u00f3\u017aniej urodzi\u0142 si\u0119 syn Maciek i pomy\u015bla\u0142em, \u017ce fajnie by\u0142oby samemu prowadzi\u0107 taki obiekt. Przed Krupow\u0105 sp\u0119dzili\u015bmy jeszcze sze\u015b\u0107 lat w Bartnem [Bac\u00f3wka PTTK w Bartnem &#8211; red.], potem rok w Krynicy w Domu Wczasowym \u201cRzymianka\u201d i dwa lata w Bac\u00f3wce pod Bere\u015bnikiem w Szczawnicy. Maciek z \u017con\u0105 prowadz\u0105 schroniska \u201cTrzy Korony\u201d i \u201cOrlica\u201d w Pieninach.&nbsp;<\/p>\n\n\n\n<p><strong>Tyle lat w jednym miejscu, nie nudzi si\u0119 czasami ta Hala Krupowa?<\/strong>&nbsp;<\/p>\n\n\n\n<p>Idzie ju\u017c 34 rok\u2026 Pierwszych kilkana\u015bcie to by\u0142y trudne czasy. Hala Krupowa to bardzo specyficzne miejsce. Niby po\u0142o\u017cona na g\u0142\u00f3wnym szlaku, ale kiedy\u015b przed turystyk\u0105 masow\u0105, by\u0142a stosunkowo rzadko ucz\u0119szczana. Ci\u0119\u017cko powiedzie\u0107 czy si\u0119 nudzi. Po tylu latach i w tym wieku ci\u0119\u017cko o zmian\u0119 i zaj\u0119cie si\u0119 czym\u015b innym (\u015bmiech).&nbsp;<\/p>\n\n\n\n<div style=\"height:36px\" aria-hidden=\"true\" class=\"wp-block-spacer\"><\/div>\n\n\n\n<figure class=\"wp-block-image size-large\"><img loading=\"lazy\" decoding=\"async\" width=\"1024\" height=\"683\" src=\"https:\/\/kubapolanowski.pl\/wp-content\/uploads\/2026\/03\/DSC07210-1024x683.jpg\" alt=\"Zdj\u0119cie przedstawiaj\u0105ce panoram\u0119 z pod Schroniska PTTK na Hali Krupowej, widok na Oraw\u0119 i Tatry\" class=\"wp-image-1077\" srcset=\"https:\/\/kubapolanowski.pl\/wp-content\/uploads\/2026\/03\/DSC07210-1024x683.jpg 1024w, https:\/\/kubapolanowski.pl\/wp-content\/uploads\/2026\/03\/DSC07210-300x200.jpg 300w, https:\/\/kubapolanowski.pl\/wp-content\/uploads\/2026\/03\/DSC07210-150x100.jpg 150w, https:\/\/kubapolanowski.pl\/wp-content\/uploads\/2026\/03\/DSC07210-768x512.jpg 768w, https:\/\/kubapolanowski.pl\/wp-content\/uploads\/2026\/03\/DSC07210-1536x1024.jpg 1536w, https:\/\/kubapolanowski.pl\/wp-content\/uploads\/2026\/03\/DSC07210-850x567.jpg 850w, https:\/\/kubapolanowski.pl\/wp-content\/uploads\/2026\/03\/DSC07210.jpg 2048w\" sizes=\"auto, (max-width: 1024px) 100vw, 1024px\" \/><figcaption class=\"wp-element-caption\">Panorama spod Schroniska PTTK na Hali Krupowej, widok na Oraw\u0119, Dzia\u0142y Orawskie i Tatry<\/figcaption><\/figure>\n\n\n\n<div style=\"height:36px\" aria-hidden=\"true\" class=\"wp-block-spacer\"><\/div>\n\n\n\n<h2 class=\"wp-block-heading\">Schronisko PTTK na Hali Krupowej &#8211; niespodziewane spotkania<\/h2>\n\n\n\n<div style=\"height:36px\" aria-hidden=\"true\" class=\"wp-block-spacer\"><\/div>\n\n\n\n<p><strong>Zupe\u0142nie przypadkiem dowiedzia\u0142em si\u0119, \u017ce nasz redakcyjny kolega, Kuba Terakowski pomaga\u0142 kiedy\u015b w prowadzeniu schroniska.&nbsp;<\/strong><\/p>\n\n\n\n<p>Do dzisiaj zreszt\u0105 tak jest! Znamy si\u0119 ju\u017c od pierwszego czy drugiego roku prowadzenia Hali Krupowej. Jak mieszka\u0142 w Krakowie, to bywa\u0142 du\u017co cz\u0119\u015bciej. Obecnie zast\u0119puje nas kiedy jedziemy na urlop. Kuba jest bardzo energicznym i pomocnym cz\u0142owiekiem. Pomaga\u0142 zajmowa\u0107 si\u0119 sfer\u0105 medialn\u0105: stron\u0105 internetow\u0105, organizowa\u0142 pierwsze spotkania z lud\u017ami g\u00f3r, fina\u0142y WO\u015aP, zbi\u00f3rki pieni\u0119dzy, zainicjowa\u0142 akcj\u0119 Dawcom w Darze, zimaki [zimowe biwaki &#8211; red.] i marszony [ca\u0142odniowe piesze \u201cmaratony\u201d &#8211; red.].&nbsp;<\/p>\n\n\n\n<p><strong>W jednym z tekst\u00f3w Kuba pisa\u0142 o odpalaniu agregatu pochodni\u0105, codziennych wyprawach starym UAZem albo skuterem \u015bnie\u017cnym z c\u00f3rk\u0105 do szko\u0142y, czy o zak\u0142adaniu strony schroniska w 1998 roku. Co od tego czasu zmieni\u0142o si\u0119 najbardziej?<\/strong><\/p>\n\n\n\n<p>Jak my\u015bmy przyszli do schroniska to syn chodzi\u0142 do 5 klasy a c\u00f3rka mia\u0142a dwa lata. Przez te trzydzie\u015bci par\u0119 lat bardzo du\u017co si\u0119 zmieni\u0142o. Na pocz\u0105tku nie mieli\u015bmy pr\u0105du, korzystali\u015bmy z agregatu, nie by\u0142o te\u017c drogi dojazdowej. Teraz mamy i pr\u0105d i drog\u0119, s\u0105 lepsze warunki logistyczne, chocia\u017cby do dostaw \u017cywno\u015bci. Prowadzenie schroniska jest dzi\u0119ki temu znacznie \u0142atwiejsze.<\/p>\n\n\n\n<p><strong>Kiedy w schronisku jest najwi\u0119kszy a kiedy najmniejszy ruch?<\/strong><\/p>\n\n\n\n<p>Przez pierwszych kilkana\u015bcie lat zim\u0105 chodzi\u0142o bardzo niewielu turyst\u00f3w. Ruch z roku na rok ruch by\u0142 coraz wi\u0119kszy, chocia\u017c w tygodniu wci\u0105\u017c \u015bwieci pustkami. Ostatnimi laty w zimowe weekendy potrafi\u0105 by\u0107 nawet kolejki, ale \u015brodku tygodnia poza sezonem letnim bardzo trudno utrzyma\u0107 schronisko. Najmniej go\u015bci mamy od listopada do kwietnia.<\/p>\n\n\n\n<div style=\"height:36px\" aria-hidden=\"true\" class=\"wp-block-spacer\"><\/div>\n\n\n\n<figure class=\"wp-block-image size-large\"><img loading=\"lazy\" decoding=\"async\" width=\"1024\" height=\"755\" src=\"https:\/\/kubapolanowski.pl\/wp-content\/uploads\/2026\/03\/Schronisko_na_Policy_1938-1024x755.jpg\" alt=\"Zdj\u0119cie archiwalne przedstawiaj\u0105ce Schronisko Polskiego Towarzystwa Tatrza\u0144skiego  &quot;Pod Polic\u0105&quot;, 1938 rok. \" class=\"wp-image-1073\" srcset=\"https:\/\/kubapolanowski.pl\/wp-content\/uploads\/2026\/03\/Schronisko_na_Policy_1938-1024x755.jpg 1024w, https:\/\/kubapolanowski.pl\/wp-content\/uploads\/2026\/03\/Schronisko_na_Policy_1938-300x221.jpg 300w, https:\/\/kubapolanowski.pl\/wp-content\/uploads\/2026\/03\/Schronisko_na_Policy_1938-150x111.jpg 150w, https:\/\/kubapolanowski.pl\/wp-content\/uploads\/2026\/03\/Schronisko_na_Policy_1938-768x566.jpg 768w, https:\/\/kubapolanowski.pl\/wp-content\/uploads\/2026\/03\/Schronisko_na_Policy_1938-1536x1133.jpg 1536w, https:\/\/kubapolanowski.pl\/wp-content\/uploads\/2026\/03\/Schronisko_na_Policy_1938-850x627.jpg 850w, https:\/\/kubapolanowski.pl\/wp-content\/uploads\/2026\/03\/Schronisko_na_Policy_1938.jpg 1628w\" sizes=\"auto, (max-width: 1024px) 100vw, 1024px\" \/><figcaption class=\"wp-element-caption\">Zdj\u0119cie archiwalne przedstawiaj\u0105ce schronisko Polskiego Towarzystwa Tatrza\u0144skiego &#8222;Pod Polic\u0105&#8221;, 1938 rok.  Fot. Wikimedia Commons, Stanis\u0142aw Fox<\/figcaption><\/figure>\n\n\n\n<div style=\"height:36px\" aria-hidden=\"true\" class=\"wp-block-spacer\"><\/div>\n\n\n\n<h2 class=\"wp-block-heading\">Rekordy i osobliwo\u015bci Schroniska PTTK na Hali Krupowej<\/h2>\n\n\n\n<div style=\"height:36px\" aria-hidden=\"true\" class=\"wp-block-spacer\"><\/div>\n\n\n\n<p><strong>Na waszej stronie dost\u0119pna jest nietuzinkowa zak\u0142adka \u201cKsi\u0119ga rekord\u00f3w\u201d.&nbsp;<\/strong><\/p>\n\n\n\n<p>Tak, ta ksi\u0119ga rekord\u00f3w schroniska powstawa\u0142a kilkana\u015bcie lat temu. Kiedy\u015b pomaga\u0142 w jej tworzeniu pomaga\u0142 Kuba.<\/p>\n\n\n\n<p><strong>Kto i kiedy zam\u00f3wi\u0142 u was 500 bigos\u00f3w?<\/strong><\/p>\n\n\n\n<p>To by\u0142 bodaj\u017ce rajd organizowany przez PTTK Rabka, Rajd imienia Trybowskich, oko\u0142o 20 lat temu. Wi\u0119cej nie mieli\u015bmy ju\u017c takich zam\u00f3wie\u0144.&nbsp;<\/p>\n\n\n\n<p><strong>Najwierniejszy turysta odwiedzi\u0142 was ponad 100 razy. To kto\u015b z rodziny, jaki\u015b zapalony g\u00f3ro\u0142az, a mo\u017ce w\u0142a\u015bnie Kuba Terakowski?&nbsp;<\/strong><\/p>\n\n\n\n<p>Kuba Terakowski to mo\u017ce nawet cz\u0119\u015bciej (\u015bmiech). Jeszcze zanim zostali\u015bmy gospodarzami na Hal\u0119 Krupow\u0105 przyje\u017cd\u017cali harcerze. Prawdopodobnie chodzi o Darka, jednego z nich. Zacz\u0105\u0142 bywa\u0107 w schronisku w latach \u201860.&nbsp;<\/p>\n\n\n\n<div style=\"height:36px\" aria-hidden=\"true\" class=\"wp-block-spacer\"><\/div>\n\n\n\n<figure class=\"wp-block-image size-large\"><img loading=\"lazy\" decoding=\"async\" width=\"1024\" height=\"668\" src=\"https:\/\/kubapolanowski.pl\/wp-content\/uploads\/2026\/03\/Schronisko_PTTK_Hala_Krupowa_8870643-1024x668.jpg\" alt=\"Zdj\u0119cie archiwalne przedstawiaj\u0105ce budynek schroniska na Hali Krupowej w latach 60.\" class=\"wp-image-1074\" srcset=\"https:\/\/kubapolanowski.pl\/wp-content\/uploads\/2026\/03\/Schronisko_PTTK_Hala_Krupowa_8870643-1024x668.jpg 1024w, https:\/\/kubapolanowski.pl\/wp-content\/uploads\/2026\/03\/Schronisko_PTTK_Hala_Krupowa_8870643-300x196.jpg 300w, https:\/\/kubapolanowski.pl\/wp-content\/uploads\/2026\/03\/Schronisko_PTTK_Hala_Krupowa_8870643-150x98.jpg 150w, https:\/\/kubapolanowski.pl\/wp-content\/uploads\/2026\/03\/Schronisko_PTTK_Hala_Krupowa_8870643-768x501.jpg 768w, https:\/\/kubapolanowski.pl\/wp-content\/uploads\/2026\/03\/Schronisko_PTTK_Hala_Krupowa_8870643-1536x1001.jpg 1536w, https:\/\/kubapolanowski.pl\/wp-content\/uploads\/2026\/03\/Schronisko_PTTK_Hala_Krupowa_8870643-850x554.jpg 850w, https:\/\/kubapolanowski.pl\/wp-content\/uploads\/2026\/03\/Schronisko_PTTK_Hala_Krupowa_8870643.jpg 1841w\" sizes=\"auto, (max-width: 1024px) 100vw, 1024px\" \/><figcaption class=\"wp-element-caption\">Schronisko PTTK na Hali Krupowej w latach 60, fot. Edward Moska\u0142a. <\/figcaption><\/figure>\n\n\n\n<div style=\"height:36px\" aria-hidden=\"true\" class=\"wp-block-spacer\"><\/div>\n\n\n\n<h2 class=\"wp-block-heading\">Historia b\u0142\u0119dnej nazwy Schroniska PTTK na Hali Krupowej<\/h2>\n\n\n\n<div style=\"height:36px\" aria-hidden=\"true\" class=\"wp-block-spacer\"><\/div>\n\n\n\n<p><strong>W\u0142a\u015bciwa \u201cHala Krupowa\u201d znajduje si\u0119 pod wierzcho\u0142kiem pobliskiej Okr\u0105glicy, tym samym nazwa schroniska PTTK na Hali Krupowej wydaje si\u0119 by\u0107 wynikiem pomy\u0142ki. Jaka jest jej historia, czy kto\u015b wnioskowa\u0142 kiedy\u015b o zmian\u0119?&nbsp;<\/strong><\/p>\n\n\n\n<p>Pierwsze schronisko powsta\u0142o w tym samym miejscu w 1935 roku i nazywa\u0142o si\u0119 \u201cPod Polic\u0105\u201d. Niemcy spalili je w ob\u0142awie na partyzant\u00f3w. Odbudowano je z inicjatywy PTTK, a nowy budynek nazwano \u201cna Hali Krupowej\u201d. Nikt nie m\u00f3g\u0142 mi powiedzie\u0107 dlaczego. By\u0107 mo\u017ce w tamtych czasach nie by\u0142o lasu i w\u0142a\u015bciwa Hala Krupowa by\u0142a wi\u0119ksza? A mo\u017ce to po prostu lepiej brzmia\u0142o (\u015bmiech)? Tak naprawd\u0119 schronisko znajduje si\u0119 na hali Sidzi\u0144skie Pasionki.<\/p>\n\n\n\n<div style=\"height:36px\" aria-hidden=\"true\" class=\"wp-block-spacer\"><\/div>\n\n\n\n<h2 class=\"wp-block-heading\">Imprezy organizowane w Schronisku na Hali Krupowej<\/h2>\n\n\n\n<div style=\"height:36px\" aria-hidden=\"true\" class=\"wp-block-spacer\"><\/div>\n\n\n\n<p><strong>Ka\u017cdego roku w schronisku organizowany jest Zlot Turyst\u00f3w. W 2023 spotykali si\u0119 u was ju\u017c 68 raz, jak wygl\u0105da ta impreza?<\/strong><\/p>\n\n\n\n<p>W przysz\u0142ym roku b\u0119dzie jej 70-edycja. Odbywa si\u0119 na zako\u0144czenie sezonu letniego a organizuje j\u0105 Krakowski oddzia\u0142 PTTK. W szczytowych momentach tego zlotu by\u0142o nawet oko\u0142o 2-3 tysi\u0119cy ludzi! Kiedy\u015b PTTK dzia\u0142a\u0142 bardzo pr\u0119\u017cnie, bo w okolicy funkcjonowa\u0142o wiele oddzia\u0142\u00f3w. Z roku na rok frekwencja mala\u0142a, ale to nadal jest do\u015b\u0107 liczne spotkanie. Odbywa si\u0119 w pierwsz\u0105 niedziela pa\u017adziernika. Innym du\u017cym wydarzeniem jest Juzyna na Holi organizowana przez Zwi\u0105zek Podhalan, czyli spotkanie g\u00f3rali Babiog\u00f3rskich, Orawskich i Podhala\u0144skich.<\/p>\n\n\n\n<div style=\"height:36px\" aria-hidden=\"true\" class=\"wp-block-spacer\"><\/div>\n\n\n<div class=\"wp-block-image\">\n<figure class=\"aligncenter size-large\"><img loading=\"lazy\" decoding=\"async\" width=\"683\" height=\"1024\" src=\"https:\/\/kubapolanowski.pl\/wp-content\/uploads\/2026\/03\/DSC07207-683x1024.jpg\" alt=\"Zdj\u0119cie przedstawiaj\u0105ce Prze\u0142\u0119cz Kuca\u0142ow\u0105, ze s\u0142upem z tabliczkami oznaczaj\u0105cymi szlaki Pa\u015bmie Policy w Beskidzie \u017bywieckim. Przechodzi t\u0119dy G\u0142\u00f3wny Szlak Beskidzki\" class=\"wp-image-1075\" srcset=\"https:\/\/kubapolanowski.pl\/wp-content\/uploads\/2026\/03\/DSC07207-683x1024.jpg 683w, https:\/\/kubapolanowski.pl\/wp-content\/uploads\/2026\/03\/DSC07207-200x300.jpg 200w, https:\/\/kubapolanowski.pl\/wp-content\/uploads\/2026\/03\/DSC07207-100x150.jpg 100w, https:\/\/kubapolanowski.pl\/wp-content\/uploads\/2026\/03\/DSC07207-768x1152.jpg 768w, https:\/\/kubapolanowski.pl\/wp-content\/uploads\/2026\/03\/DSC07207-1024x1536.jpg 1024w, https:\/\/kubapolanowski.pl\/wp-content\/uploads\/2026\/03\/DSC07207-300x450.jpg 300w, https:\/\/kubapolanowski.pl\/wp-content\/uploads\/2026\/03\/DSC07207-850x1275.jpg 850w, https:\/\/kubapolanowski.pl\/wp-content\/uploads\/2026\/03\/DSC07207.jpg 1200w\" sizes=\"auto, (max-width: 683px) 100vw, 683px\" \/><figcaption class=\"wp-element-caption\">S\u0142up z tabliczkami oznaczaj\u0105cymi szlaki krzy\u017cuj\u0105ce si\u0119 na Prze\u0142\u0119czy Kuca\u0142owej w Pa\u015bmie Policy w Beskidzie \u017bywieckim. G\u0142\u00f3wny Szlak Beskidzki<\/figcaption><\/figure>\n<\/div>\n\n\n<div style=\"height:36px\" aria-hidden=\"true\" class=\"wp-block-spacer\"><\/div>\n\n\n\n<p><strong>Jakie miejsca w g\u00f3rskiej okolicy s\u0105 pa\u0144skimi ulubionymi?<\/strong><\/p>\n\n\n\n<p>Takim pi\u0119knym miejscem jest Z\u0142ota Grapa. Z zielonego szlaku na Zawoj\u0119 schodzimy w d\u00f3\u0142 do najwi\u0119kszej ostoi limb. To moje ulubione miejsce na wyciszenie si\u0119. Mo\u017cna poduma\u0107 i zastanowi\u0107 si\u0119 nad tym co si\u0119 robi w \u017cyciu (\u015bmiech).<\/p>\n\n\n\n<div style=\"height:36px\" aria-hidden=\"true\" class=\"wp-block-spacer\"><\/div>\n\n\n\n<h2 class=\"wp-block-heading\">Nied\u017awiedzie w Beskidzie \u017bywieckim, w Pa\u015bmie Policy<\/h2>\n\n\n\n<div style=\"height:36px\" aria-hidden=\"true\" class=\"wp-block-spacer\"><\/div>\n\n\n\n<p><strong>Jak cz\u0119sto do schroniska zaw\u0119druje nied\u017awied\u017a?<\/strong><\/p>\n\n\n\n<p>W tym roku jeszcze nie widzia\u0142em, ale \u017cona spotka\u0142a nied\u017awiadka na spacerze. Kilkana\u015bcie lat temu mieli\u015bmy sta\u0142ego bywalca, przez ca\u0142e lato nam dokucza\u0142 &#8211; rozwala\u0142 kosze, wchodzi\u0142 prawie do drewutni. Prawdopodobnie odrzuci\u0142a go matka, takie rozrabiaj\u0105 najbardziej. My\u015bleli\u015bmy nawet, \u017ceby ogrodzi\u0107 schronisko pastuchem, ale w ko\u0144cu sobie poszed\u0142. W tym roku le\u015bniczy m\u00f3wi\u0142, \u017ce by\u0142y dwa: jeden na Cuplu a drugi na Kie\u0142ku, sk\u0105d od kilku lat daleko si\u0119 nie rusza.<\/p>\n\n\n\n<div style=\"height:36px\" aria-hidden=\"true\" class=\"wp-block-spacer\"><\/div>\n\n\n\n<figure class=\"wp-block-image size-large\"><img loading=\"lazy\" decoding=\"async\" width=\"1024\" height=\"683\" src=\"https:\/\/kubapolanowski.pl\/wp-content\/uploads\/2026\/03\/DSC07209-1024x683.jpg\" alt=\"Zdj\u0119cie przedstawiaj\u0105ce budynek Schroniska PTTK na Hali Krupowej\" class=\"wp-image-1076\" srcset=\"https:\/\/kubapolanowski.pl\/wp-content\/uploads\/2026\/03\/DSC07209-1024x683.jpg 1024w, https:\/\/kubapolanowski.pl\/wp-content\/uploads\/2026\/03\/DSC07209-300x200.jpg 300w, https:\/\/kubapolanowski.pl\/wp-content\/uploads\/2026\/03\/DSC07209-150x100.jpg 150w, https:\/\/kubapolanowski.pl\/wp-content\/uploads\/2026\/03\/DSC07209-768x512.jpg 768w, https:\/\/kubapolanowski.pl\/wp-content\/uploads\/2026\/03\/DSC07209-1536x1024.jpg 1536w, https:\/\/kubapolanowski.pl\/wp-content\/uploads\/2026\/03\/DSC07209-850x567.jpg 850w, https:\/\/kubapolanowski.pl\/wp-content\/uploads\/2026\/03\/DSC07209.jpg 1800w\" sizes=\"auto, (max-width: 1024px) 100vw, 1024px\" \/><figcaption class=\"wp-element-caption\">Schronisko PTTK na Hali Krupowej jesieni\u0105<\/figcaption><\/figure>\n\n\n\n<div style=\"height:36px\" aria-hidden=\"true\" class=\"wp-block-spacer\"><\/div>\n\n\n\n<p><strong>Jakie s\u0105 kulinarne specja\u0142y schroniska?<\/strong><\/p>\n\n\n\n<p>Pierogi z jagodami to nasz najwi\u0119kszy specja\u0142, przygotowujemy ich najwi\u0119cej. Poza tym dro\u017cd\u017c\u00f3wki z jagodami, nale\u015bniki z serem, pierogi ruskie i bardzo chwalona szarlotka.&nbsp;<\/p>\n\n\n\n<p><strong>Na koniec, je\u015bli m\u00f3g\u0142by Pan dotrze\u0107 do os\u00f3b przychodz\u0105cych na Hal\u0119 Krupow\u0105 i co\u015b im przekaza\u0107 albo o co\u015b poprosi\u0107 to co by to by\u0142o?<\/strong><\/p>\n\n\n\n<p>Turystyka od kilku lat zmieni\u0142a charakter na masow\u0105 por\u00f3wnuj\u0105c do tego, jak si\u0119 pracowa\u0142o 30 czy 40 lat temu. Czasami, szczeg\u00f3lnie kiedy mamy du\u017cy ruch to przyda\u0142oby nam si\u0119 wi\u0119cej wyrozumia\u0142o\u015bci (\u015bmiech).<\/p>\n\n\n\n<div style=\"height:36px\" aria-hidden=\"true\" class=\"wp-block-spacer\"><\/div>\n\n\n\n<p><strong>Eugeniusz Ogrodowicz<\/strong> &#8211; gospodarz Schroniska PTTK na Hali Krupowej, zwi\u0105zany z nim od 36 lat, by\u0142y gospodarz Bac\u00f3wek PTTK w Bartnem oraz pod Bere\u015bnikiem w Szczawnicy.<\/p>\n\n\n\n<div style=\"height:28px\" aria-hidden=\"true\" class=\"wp-block-spacer\"><\/div>\n\n\n\n<p>Tekst ukaza\u0142 si\u0119 w Magazynie na Szczycie nr 8\/2024: <a href=\"https:\/\/magazynnaszczycie.pl\/artykul\/eugeniusz-ogrodowicz-n1311959\">https:\/\/magazynnaszczycie.pl\/artykul\/eugeniusz-ogrodowicz-n1311959<\/a><\/p>\n\n\n\n<p>Czytaj dalej o Beskidzie \u017bywieckim &#8211; &#8222;Wojna na P\u0119dzle&#8221; burzliwa historia turystyki babiog\u00f3rskiej: <a href=\"https:\/\/kubapolanowski.pl\/index.php\/2026\/03\/08\/babia-gora-historia-turystycznej-wojny-na-pedzle\/\">https:\/\/kubapolanowski.pl\/index.php\/2026\/03\/08\/babia-gora-historia-turystycznej-wojny-na-pedzle\/<\/a><\/p>\n","protected":false},"excerpt":{"rendered":"<p>Schronisko PTTK na Hali Krupowej, gospodarz Eugeniusz Ogrodowicz opowiada o swojej niemal 40-letniej historii w pa\u015bmie Policy<\/p>\n","protected":false},"author":1,"featured_media":1076,"comment_status":"open","ping_status":"open","sticky":false,"template":"","format":"standard","meta":{"ngg_post_thumbnail":0,"two_page_speed":[],"_jetpack_memberships_contains_paid_content":false,"footnotes":""},"categories":[3],"tags":[91,96,83],"class_list":["post-1056","post","type-post","status-publish","format-standard","has-post-thumbnail","hentry","category-wywiady","tag-beskid-zywiecki","tag-polica","tag-wywiad"],"yoast_head":"<!-- This site is optimized with the Yoast SEO plugin v27.4 - https:\/\/yoast.com\/product\/yoast-seo-wordpress\/ -->\n<title>Schronisko PTTK na Hali Krupowej - rozmowa z gospodarzem<\/title>\n<meta name=\"description\" content=\"Schronisko PTTK na Hali Krupowej, gospodarz Eugeniusz Ogrodowicz opowiada o swojej niemal 40-letniej historii w pa\u015bmie Policy\" \/>\n<meta name=\"robots\" content=\"index, follow, max-snippet:-1, max-image-preview:large, max-video-preview:-1\" \/>\n<link rel=\"canonical\" href=\"https:\/\/kubapolanowski.pl\/index.php\/2026\/03\/11\/schronisko-pttk-na-hali-krupowej\/\" \/>\n<meta property=\"og:locale\" content=\"pl_PL\" \/>\n<meta property=\"og:type\" content=\"article\" \/>\n<meta property=\"og:title\" content=\"Schronisko PTTK na Hali Krupowej - rozmowa z gospodarzem\" \/>\n<meta property=\"og:description\" content=\"Schronisko PTTK na Hali Krupowej, gospodarz Eugeniusz Ogrodowicz opowiada o swojej niemal 40-letniej historii w pa\u015bmie Policy\" \/>\n<meta property=\"og:url\" content=\"https:\/\/kubapolanowski.pl\/index.php\/2026\/03\/11\/schronisko-pttk-na-hali-krupowej\/\" \/>\n<meta property=\"og:site_name\" content=\"Kuba Polanowski\" \/>\n<meta property=\"article:published_time\" content=\"2026-03-11T20:34:58+00:00\" \/>\n<meta property=\"article:modified_time\" content=\"2026-04-05T17:27:14+00:00\" \/>\n<meta property=\"og:image\" content=\"https:\/\/kubapolanowski.pl\/wp-content\/uploads\/2026\/03\/DSC07209.jpg\" \/>\n\t<meta property=\"og:image:width\" content=\"1800\" \/>\n\t<meta property=\"og:image:height\" content=\"1200\" \/>\n\t<meta property=\"og:image:type\" content=\"image\/jpeg\" \/>\n<meta name=\"author\" content=\"admin\" \/>\n<meta name=\"twitter:card\" content=\"summary_large_image\" \/>\n<meta name=\"twitter:label1\" content=\"Napisane przez\" \/>\n\t<meta name=\"twitter:data1\" content=\"admin\" \/>\n\t<meta name=\"twitter:label2\" content=\"Szacowany czas czytania\" \/>\n\t<meta name=\"twitter:data2\" content=\"9 minut\" \/>\n<script type=\"application\/ld+json\" class=\"yoast-schema-graph\">{\"@context\":\"https:\\\/\\\/schema.org\",\"@graph\":[{\"@type\":\"Article\",\"@id\":\"https:\\\/\\\/kubapolanowski.pl\\\/index.php\\\/2026\\\/03\\\/11\\\/schronisko-pttk-na-hali-krupowej\\\/#article\",\"isPartOf\":{\"@id\":\"https:\\\/\\\/kubapolanowski.pl\\\/index.php\\\/2026\\\/03\\\/11\\\/schronisko-pttk-na-hali-krupowej\\\/\"},\"author\":{\"name\":\"admin\",\"@id\":\"https:\\\/\\\/kubapolanowski.pl\\\/#\\\/schema\\\/person\\\/933eb0d1bca504c96edaa9e980ea1b20\"},\"headline\":\"Schronisko PTTK na Hali Krupowej &#8211; rozmowa z gospodarzem\",\"datePublished\":\"2026-03-11T20:34:58+00:00\",\"dateModified\":\"2026-04-05T17:27:14+00:00\",\"mainEntityOfPage\":{\"@id\":\"https:\\\/\\\/kubapolanowski.pl\\\/index.php\\\/2026\\\/03\\\/11\\\/schronisko-pttk-na-hali-krupowej\\\/\"},\"wordCount\":1479,\"commentCount\":0,\"image\":{\"@id\":\"https:\\\/\\\/kubapolanowski.pl\\\/index.php\\\/2026\\\/03\\\/11\\\/schronisko-pttk-na-hali-krupowej\\\/#primaryimage\"},\"thumbnailUrl\":\"https:\\\/\\\/kubapolanowski.pl\\\/wp-content\\\/uploads\\\/2026\\\/03\\\/DSC07209.jpg\",\"keywords\":[\"Beskid \u017bywiecki\",\"Polica\",\"Wywiad\"],\"articleSection\":[\"Wywiady\"],\"inLanguage\":\"pl-PL\",\"potentialAction\":[{\"@type\":\"CommentAction\",\"name\":\"Comment\",\"target\":[\"https:\\\/\\\/kubapolanowski.pl\\\/index.php\\\/2026\\\/03\\\/11\\\/schronisko-pttk-na-hali-krupowej\\\/#respond\"]}]},{\"@type\":\"WebPage\",\"@id\":\"https:\\\/\\\/kubapolanowski.pl\\\/index.php\\\/2026\\\/03\\\/11\\\/schronisko-pttk-na-hali-krupowej\\\/\",\"url\":\"https:\\\/\\\/kubapolanowski.pl\\\/index.php\\\/2026\\\/03\\\/11\\\/schronisko-pttk-na-hali-krupowej\\\/\",\"name\":\"Schronisko PTTK na Hali Krupowej - rozmowa z gospodarzem\",\"isPartOf\":{\"@id\":\"https:\\\/\\\/kubapolanowski.pl\\\/#website\"},\"primaryImageOfPage\":{\"@id\":\"https:\\\/\\\/kubapolanowski.pl\\\/index.php\\\/2026\\\/03\\\/11\\\/schronisko-pttk-na-hali-krupowej\\\/#primaryimage\"},\"image\":{\"@id\":\"https:\\\/\\\/kubapolanowski.pl\\\/index.php\\\/2026\\\/03\\\/11\\\/schronisko-pttk-na-hali-krupowej\\\/#primaryimage\"},\"thumbnailUrl\":\"https:\\\/\\\/kubapolanowski.pl\\\/wp-content\\\/uploads\\\/2026\\\/03\\\/DSC07209.jpg\",\"datePublished\":\"2026-03-11T20:34:58+00:00\",\"dateModified\":\"2026-04-05T17:27:14+00:00\",\"author\":{\"@id\":\"https:\\\/\\\/kubapolanowski.pl\\\/#\\\/schema\\\/person\\\/933eb0d1bca504c96edaa9e980ea1b20\"},\"description\":\"Schronisko PTTK na Hali Krupowej, gospodarz Eugeniusz Ogrodowicz opowiada o swojej niemal 40-letniej historii w pa\u015bmie Policy\",\"breadcrumb\":{\"@id\":\"https:\\\/\\\/kubapolanowski.pl\\\/index.php\\\/2026\\\/03\\\/11\\\/schronisko-pttk-na-hali-krupowej\\\/#breadcrumb\"},\"inLanguage\":\"pl-PL\",\"potentialAction\":[{\"@type\":\"ReadAction\",\"target\":[\"https:\\\/\\\/kubapolanowski.pl\\\/index.php\\\/2026\\\/03\\\/11\\\/schronisko-pttk-na-hali-krupowej\\\/\"]}]},{\"@type\":\"ImageObject\",\"inLanguage\":\"pl-PL\",\"@id\":\"https:\\\/\\\/kubapolanowski.pl\\\/index.php\\\/2026\\\/03\\\/11\\\/schronisko-pttk-na-hali-krupowej\\\/#primaryimage\",\"url\":\"https:\\\/\\\/kubapolanowski.pl\\\/wp-content\\\/uploads\\\/2026\\\/03\\\/DSC07209.jpg\",\"contentUrl\":\"https:\\\/\\\/kubapolanowski.pl\\\/wp-content\\\/uploads\\\/2026\\\/03\\\/DSC07209.jpg\",\"width\":1800,\"height\":1200,\"caption\":\"Schronisko PTTK na Hali Krupowej jesieni\u0105\"},{\"@type\":\"BreadcrumbList\",\"@id\":\"https:\\\/\\\/kubapolanowski.pl\\\/index.php\\\/2026\\\/03\\\/11\\\/schronisko-pttk-na-hali-krupowej\\\/#breadcrumb\",\"itemListElement\":[{\"@type\":\"ListItem\",\"position\":1,\"name\":\"Strona g\u0142\u00f3wna\",\"item\":\"https:\\\/\\\/kubapolanowski.pl\\\/\"},{\"@type\":\"ListItem\",\"position\":2,\"name\":\"Schronisko PTTK na Hali Krupowej &#8211; rozmowa z gospodarzem\"}]},{\"@type\":\"WebSite\",\"@id\":\"https:\\\/\\\/kubapolanowski.pl\\\/#website\",\"url\":\"https:\\\/\\\/kubapolanowski.pl\\\/\",\"name\":\"Kuba Polanowski\",\"description\":\"I\u015b\u0107, zawsze i\u015b\u0107 jak najd\u0142u\u017cej. Za plecami mie\u0107 nadci\u0105gaj\u0105c\u0105 noc\",\"potentialAction\":[{\"@type\":\"SearchAction\",\"target\":{\"@type\":\"EntryPoint\",\"urlTemplate\":\"https:\\\/\\\/kubapolanowski.pl\\\/?s={search_term_string}\"},\"query-input\":{\"@type\":\"PropertyValueSpecification\",\"valueRequired\":true,\"valueName\":\"search_term_string\"}}],\"inLanguage\":\"pl-PL\"},{\"@type\":\"Person\",\"@id\":\"https:\\\/\\\/kubapolanowski.pl\\\/#\\\/schema\\\/person\\\/933eb0d1bca504c96edaa9e980ea1b20\",\"name\":\"admin\",\"image\":{\"@type\":\"ImageObject\",\"inLanguage\":\"pl-PL\",\"@id\":\"https:\\\/\\\/secure.gravatar.com\\\/avatar\\\/00e286bc96c66f5c123e768056aea07fc5fa239b190f70a04e8462c6b39b06fd?s=96&d=mm&r=g\",\"url\":\"https:\\\/\\\/secure.gravatar.com\\\/avatar\\\/00e286bc96c66f5c123e768056aea07fc5fa239b190f70a04e8462c6b39b06fd?s=96&d=mm&r=g\",\"contentUrl\":\"https:\\\/\\\/secure.gravatar.com\\\/avatar\\\/00e286bc96c66f5c123e768056aea07fc5fa239b190f70a04e8462c6b39b06fd?s=96&d=mm&r=g\",\"caption\":\"admin\"},\"sameAs\":[\"http:\\\/\\\/kubapolanowski.pl\"],\"url\":\"https:\\\/\\\/kubapolanowski.pl\\\/index.php\\\/author\\\/admin\\\/\"}]}<\/script>\n<!-- \/ Yoast SEO plugin. -->","yoast_head_json":{"title":"Schronisko PTTK na Hali Krupowej - rozmowa z gospodarzem","description":"Schronisko PTTK na Hali Krupowej, gospodarz Eugeniusz Ogrodowicz opowiada o swojej niemal 40-letniej historii w pa\u015bmie Policy","robots":{"index":"index","follow":"follow","max-snippet":"max-snippet:-1","max-image-preview":"max-image-preview:large","max-video-preview":"max-video-preview:-1"},"canonical":"https:\/\/kubapolanowski.pl\/index.php\/2026\/03\/11\/schronisko-pttk-na-hali-krupowej\/","og_locale":"pl_PL","og_type":"article","og_title":"Schronisko PTTK na Hali Krupowej - rozmowa z gospodarzem","og_description":"Schronisko PTTK na Hali Krupowej, gospodarz Eugeniusz Ogrodowicz opowiada o swojej niemal 40-letniej historii w pa\u015bmie Policy","og_url":"https:\/\/kubapolanowski.pl\/index.php\/2026\/03\/11\/schronisko-pttk-na-hali-krupowej\/","og_site_name":"Kuba Polanowski","article_published_time":"2026-03-11T20:34:58+00:00","article_modified_time":"2026-04-05T17:27:14+00:00","og_image":[{"width":1800,"height":1200,"url":"https:\/\/kubapolanowski.pl\/wp-content\/uploads\/2026\/03\/DSC07209.jpg","type":"image\/jpeg"}],"author":"admin","twitter_card":"summary_large_image","twitter_misc":{"Napisane przez":"admin","Szacowany czas czytania":"9 minut"},"schema":{"@context":"https:\/\/schema.org","@graph":[{"@type":"Article","@id":"https:\/\/kubapolanowski.pl\/index.php\/2026\/03\/11\/schronisko-pttk-na-hali-krupowej\/#article","isPartOf":{"@id":"https:\/\/kubapolanowski.pl\/index.php\/2026\/03\/11\/schronisko-pttk-na-hali-krupowej\/"},"author":{"name":"admin","@id":"https:\/\/kubapolanowski.pl\/#\/schema\/person\/933eb0d1bca504c96edaa9e980ea1b20"},"headline":"Schronisko PTTK na Hali Krupowej &#8211; rozmowa z gospodarzem","datePublished":"2026-03-11T20:34:58+00:00","dateModified":"2026-04-05T17:27:14+00:00","mainEntityOfPage":{"@id":"https:\/\/kubapolanowski.pl\/index.php\/2026\/03\/11\/schronisko-pttk-na-hali-krupowej\/"},"wordCount":1479,"commentCount":0,"image":{"@id":"https:\/\/kubapolanowski.pl\/index.php\/2026\/03\/11\/schronisko-pttk-na-hali-krupowej\/#primaryimage"},"thumbnailUrl":"https:\/\/kubapolanowski.pl\/wp-content\/uploads\/2026\/03\/DSC07209.jpg","keywords":["Beskid \u017bywiecki","Polica","Wywiad"],"articleSection":["Wywiady"],"inLanguage":"pl-PL","potentialAction":[{"@type":"CommentAction","name":"Comment","target":["https:\/\/kubapolanowski.pl\/index.php\/2026\/03\/11\/schronisko-pttk-na-hali-krupowej\/#respond"]}]},{"@type":"WebPage","@id":"https:\/\/kubapolanowski.pl\/index.php\/2026\/03\/11\/schronisko-pttk-na-hali-krupowej\/","url":"https:\/\/kubapolanowski.pl\/index.php\/2026\/03\/11\/schronisko-pttk-na-hali-krupowej\/","name":"Schronisko PTTK na Hali Krupowej - rozmowa z gospodarzem","isPartOf":{"@id":"https:\/\/kubapolanowski.pl\/#website"},"primaryImageOfPage":{"@id":"https:\/\/kubapolanowski.pl\/index.php\/2026\/03\/11\/schronisko-pttk-na-hali-krupowej\/#primaryimage"},"image":{"@id":"https:\/\/kubapolanowski.pl\/index.php\/2026\/03\/11\/schronisko-pttk-na-hali-krupowej\/#primaryimage"},"thumbnailUrl":"https:\/\/kubapolanowski.pl\/wp-content\/uploads\/2026\/03\/DSC07209.jpg","datePublished":"2026-03-11T20:34:58+00:00","dateModified":"2026-04-05T17:27:14+00:00","author":{"@id":"https:\/\/kubapolanowski.pl\/#\/schema\/person\/933eb0d1bca504c96edaa9e980ea1b20"},"description":"Schronisko PTTK na Hali Krupowej, gospodarz Eugeniusz Ogrodowicz opowiada o swojej niemal 40-letniej historii w pa\u015bmie Policy","breadcrumb":{"@id":"https:\/\/kubapolanowski.pl\/index.php\/2026\/03\/11\/schronisko-pttk-na-hali-krupowej\/#breadcrumb"},"inLanguage":"pl-PL","potentialAction":[{"@type":"ReadAction","target":["https:\/\/kubapolanowski.pl\/index.php\/2026\/03\/11\/schronisko-pttk-na-hali-krupowej\/"]}]},{"@type":"ImageObject","inLanguage":"pl-PL","@id":"https:\/\/kubapolanowski.pl\/index.php\/2026\/03\/11\/schronisko-pttk-na-hali-krupowej\/#primaryimage","url":"https:\/\/kubapolanowski.pl\/wp-content\/uploads\/2026\/03\/DSC07209.jpg","contentUrl":"https:\/\/kubapolanowski.pl\/wp-content\/uploads\/2026\/03\/DSC07209.jpg","width":1800,"height":1200,"caption":"Schronisko PTTK na Hali Krupowej jesieni\u0105"},{"@type":"BreadcrumbList","@id":"https:\/\/kubapolanowski.pl\/index.php\/2026\/03\/11\/schronisko-pttk-na-hali-krupowej\/#breadcrumb","itemListElement":[{"@type":"ListItem","position":1,"name":"Strona g\u0142\u00f3wna","item":"https:\/\/kubapolanowski.pl\/"},{"@type":"ListItem","position":2,"name":"Schronisko PTTK na Hali Krupowej &#8211; rozmowa z gospodarzem"}]},{"@type":"WebSite","@id":"https:\/\/kubapolanowski.pl\/#website","url":"https:\/\/kubapolanowski.pl\/","name":"Kuba Polanowski","description":"I\u015b\u0107, zawsze i\u015b\u0107 jak najd\u0142u\u017cej. Za plecami mie\u0107 nadci\u0105gaj\u0105c\u0105 noc","potentialAction":[{"@type":"SearchAction","target":{"@type":"EntryPoint","urlTemplate":"https:\/\/kubapolanowski.pl\/?s={search_term_string}"},"query-input":{"@type":"PropertyValueSpecification","valueRequired":true,"valueName":"search_term_string"}}],"inLanguage":"pl-PL"},{"@type":"Person","@id":"https:\/\/kubapolanowski.pl\/#\/schema\/person\/933eb0d1bca504c96edaa9e980ea1b20","name":"admin","image":{"@type":"ImageObject","inLanguage":"pl-PL","@id":"https:\/\/secure.gravatar.com\/avatar\/00e286bc96c66f5c123e768056aea07fc5fa239b190f70a04e8462c6b39b06fd?s=96&d=mm&r=g","url":"https:\/\/secure.gravatar.com\/avatar\/00e286bc96c66f5c123e768056aea07fc5fa239b190f70a04e8462c6b39b06fd?s=96&d=mm&r=g","contentUrl":"https:\/\/secure.gravatar.com\/avatar\/00e286bc96c66f5c123e768056aea07fc5fa239b190f70a04e8462c6b39b06fd?s=96&d=mm&r=g","caption":"admin"},"sameAs":["http:\/\/kubapolanowski.pl"],"url":"https:\/\/kubapolanowski.pl\/index.php\/author\/admin\/"}]}},"jetpack_featured_media_url":"https:\/\/kubapolanowski.pl\/wp-content\/uploads\/2026\/03\/DSC07209.jpg","jetpack_sharing_enabled":true,"_links":{"self":[{"href":"https:\/\/kubapolanowski.pl\/index.php\/wp-json\/wp\/v2\/posts\/1056","targetHints":{"allow":["GET"]}}],"collection":[{"href":"https:\/\/kubapolanowski.pl\/index.php\/wp-json\/wp\/v2\/posts"}],"about":[{"href":"https:\/\/kubapolanowski.pl\/index.php\/wp-json\/wp\/v2\/types\/post"}],"author":[{"embeddable":true,"href":"https:\/\/kubapolanowski.pl\/index.php\/wp-json\/wp\/v2\/users\/1"}],"replies":[{"embeddable":true,"href":"https:\/\/kubapolanowski.pl\/index.php\/wp-json\/wp\/v2\/comments?post=1056"}],"version-history":[{"count":0,"href":"https:\/\/kubapolanowski.pl\/index.php\/wp-json\/wp\/v2\/posts\/1056\/revisions"}],"wp:featuredmedia":[{"embeddable":true,"href":"https:\/\/kubapolanowski.pl\/index.php\/wp-json\/wp\/v2\/media\/1076"}],"wp:attachment":[{"href":"https:\/\/kubapolanowski.pl\/index.php\/wp-json\/wp\/v2\/media?parent=1056"}],"wp:term":[{"taxonomy":"category","embeddable":true,"href":"https:\/\/kubapolanowski.pl\/index.php\/wp-json\/wp\/v2\/categories?post=1056"},{"taxonomy":"post_tag","embeddable":true,"href":"https:\/\/kubapolanowski.pl\/index.php\/wp-json\/wp\/v2\/tags?post=1056"}],"curies":[{"name":"wp","href":"https:\/\/api.w.org\/{rel}","templated":true}]}}